{"id":1365,"date":"2018-05-31T20:26:49","date_gmt":"2018-05-31T20:26:49","guid":{"rendered":"http:\/\/www.elstemporers.com\/?p=1365"},"modified":"2019-05-30T16:37:43","modified_gmt":"2019-05-30T16:37:43","slug":"fa-1-any-rebiem-el-primer-client","status":"publish","type":"post","link":"https:\/\/www.elstemporers.com\/es\/fa-1-any-rebiem-el-primer-client\/","title":{"rendered":"\u00a1HACE UN A\u00d1O QUE RECIB\u00cdAMOS AL PRIMER CLIENTE!"},"content":{"rendered":"\n<div class=\"traductor-textarea form-group\">\n<div class=\"textarea-desti col-xs-12 col-sm-6\">\n<div class=\"form-control second-textarea\">\n\n31 de mayo, un d\u00eda importante por nuestros Apartamentos.\n\nTal d\u00eda como hoy, ahora hace un a\u00f1o, el d\u00eda 31 de mayo de 2017 llegaba nuestro primer cliente, de sorpresa, sin esperarlo, y, en realidad, podemos decir que este ha sido uno de los grandes aprendizajes de este primer a\u00f1o: a veces las cosas simplemente pasan, sin que las puedas prever!\n\nHab\u00edamos acabado las obras, estaba todo preparado, canales de venta abiertos,&nbsp;incluso hab\u00edamos tenido la primera reserva, hecha a trav\u00e9s de Escapadas Rural, cuando de&nbsp;repente recibimos una llamada&#8230;\n\nMiquel, un Sr. de unos 60 a\u00f1os, aragon\u00e9s, en bicicleta, que estaba haciendo el camino de Santiago y que lo hab\u00eda encontrado todo pleno en Gandesa, nos trucaba para pasar una noche. Recuerdo que me pregunt\u00f3 el precio&#8230; y en choque todav\u00eda, insegura ante aquella llamada \u201cinesperada\u201d, no sab\u00eda qu\u00e9 responderle&#8230; no ten\u00edamos previsto vender una noche sola, o si lo hac\u00edamos era con un recargo, pero&#8230; no le pod\u00edamos cobrar un recargo al Sr. Miquel, pod\u00eda ser nuestro primer cliente! El precio que tenemos ahora es el de temporada alta, media o baja, iba pensando yo&#8230; \u201cDonde quedamos?\u201d me pregunta el Sr. Miquel. No lo s\u00e9&#8230; \u201ca la carretera, ante La Caixa?\u201d Ten\u00eda previsto que la gente llegar\u00eda con el GPS ante la puerta&#8230;\n\nUna vez finaliza la llamada se pon\u00eda en marcha la log\u00edstica del \u201ccheck-*in\u201d. Llam\u00e9 a Rosa, la persona responsable de atender los clientes cuando llegan a Corbera, le expliqu\u00e9 todo y creo que aun r\u00ede! Recuerdo que me dec\u00eda&nbsp;<em><span style=\"color: #555555; font-size: 14.4px;\">\u201cAnna, no <\/span>m\u2019anredos,<span style=\"color: #555555; font-size: 14.4px;\"> eh!! Com que ve un home en bicicleta? Segur?\u201d\n<\/span><\/em>\nHan pasado muchas personas desde entonces: familias, grupos de amigos, personas solas, parejas; que nos visitaban desde muchos lugares diferentes: Catalu\u00f1a, Pa\u00eds Vasco, Valencia, Francia, Holanda, Inglaterra, Suiza, Italia; y por razones muchos diversas: por la Batalla del Ebro, por los Puertos, por La&nbsp;Fontcalda, o porque hab\u00eda una feria de vinos ecol\u00f3gicos, por las cursas de motos, por un campeonato de atletismo, por el Camino de Santo Jaume, a ver a la familia, o por trabajo&#8230; Y han sido esto, personas, con nombres y apellidos, no s\u00f3lo clientes. Tenemos guardados cada uno de sus contactos a nuestro m\u00f3vil, porque hemos hablado con todos y cada uno de ellos de forma personal.\n\nA todas estas personas que han confiado en nosotros, MUCHAS GRACIAS! Muchas gracias tambi\u00e9n a sus comentarios, a trav\u00e9s de plataformas como&nbsp;Booking,&nbsp;Airbnb, Escapada Rural o&nbsp;Avaibook; o a trav\u00e9s de correos electr\u00f3nicos o mensajes de&nbsp;whatsapp. Agradecemos cada uno de los comentarios y valoraciones. Agradecemos aquellos que nos hab\u00e9is metido un 10 (es un \u201csubid\u00f3n\u201d!)&nbsp;y aquellos que no nos hab\u00e9is valorado tan positivamente o hab\u00e9is echado de menos algo (porque siempre nos ayud\u00e1is a mejorar).\n\nGracias tambi\u00e9n a las plataformas de venta, porque ponen a tu alcance toda una tecnolog\u00eda y un posicionamiento que te permite llegar en todo el mundo, a millones de potenciales turistas, desde el momento 0.\n\nGracias a&nbsp;Booking, a Escapada Rural, a&nbsp;AIRBNB&nbsp;y a nuestro motor de reservas,&nbsp;AVAIBOOK, para hacer que los \u201cpeque\u00f1os\u201d tengamos una ventana al mundo digital.\n\nGracias a la gente de Corbera, que desde el primer momento ha sentido con orgullo el proyecto y nos consta que siempre que han tenido la oportunidad, han hecho promoci\u00f3n \u201cde los apartamentos de Corbera\u201d. Nos han visitado familiares y amigos de gente del pueblo tambi\u00e9n&#8230; pero&nbsp;lo&nbsp;m\u00e1s importante es como la gente ha \u201cacogido\u201d a las personas que nos visitaban, haci\u00e9ndolos sentir que en Corbera, est\u00e1n bienvenidos! Y esto&#8230; no tiene precio!\n\nAhora toca abrir un nuevo a\u00f1o, nuevos retos, nuevas \u201cpersonas\u201d,&#8230; pero la misma pasi\u00f3n e ilusi\u00f3n de hace 365 d\u00edas!\n\nPor muchos a\u00f1os m\u00e1s que lo podamos celebrar!\n\n<strong>Seguimos con vosotros, descubriendo este para\u00edso rural llamado Terra Alta.<\/strong>\n\n<\/div>\n<\/div>\n<\/div>\n","protected":false},"excerpt":{"rendered":"<p>31 de mayo, un d\u00eda importante por nuestros Apartamentos. Tal d\u00eda como hoy, ahora hace un a\u00f1o, el d\u00eda 31 de mayo de 2017 llegaba nuestro primer cliente, de sorpresa, sin esperarlo, y, en realidad, podemos decir que este ha sido uno de los grandes aprendizajes de este primer a\u00f1o: a veces las cosas simplemente [&#8230;]\n","protected":false},"author":1,"featured_media":1371,"comment_status":"closed","ping_status":"closed","sticky":false,"template":"","format":"standard","meta":{"footnotes":""},"categories":[527,1],"tags":[],"yoast_head":"<!-- This site is optimized with the Yoast SEO plugin v21.7 - https:\/\/yoast.com\/wordpress\/plugins\/seo\/ -->\n<title>\u00a1HACE UN A\u00d1O QUE RECIB\u00cdAMOS AL PRIMER CLIENTE! - Els temporers<\/title>\n<meta name=\"robots\" content=\"index, follow, max-snippet:-1, max-image-preview:large, max-video-preview:-1\" \/>\n<link rel=\"canonical\" href=\"https:\/\/www.elstemporers.com\/es\/fa-1-any-rebiem-el-primer-client\/\" \/>\n<meta property=\"og:locale\" content=\"es_ES\" \/>\n<meta property=\"og:type\" content=\"article\" \/>\n<meta property=\"og:title\" content=\"\u00a1HACE UN A\u00d1O QUE RECIB\u00cdAMOS AL PRIMER CLIENTE! - Els temporers\" \/>\n<meta property=\"og:description\" content=\"31 de mayo, un d\u00eda importante por nuestros Apartamentos. Tal d\u00eda como hoy, ahora hace un a\u00f1o, el d\u00eda 31 de mayo de 2017 llegaba nuestro primer cliente, de sorpresa, sin esperarlo, y, en realidad, podemos decir que este ha sido uno de los grandes aprendizajes de este primer a\u00f1o: a veces las cosas simplemente [...]\" \/>\n<meta property=\"og:url\" content=\"https:\/\/www.elstemporers.com\/es\/fa-1-any-rebiem-el-primer-client\/\" \/>\n<meta property=\"og:site_name\" content=\"Els temporers\" \/>\n<meta property=\"article:published_time\" content=\"2018-05-31T20:26:49+00:00\" \/>\n<meta property=\"article:modified_time\" content=\"2019-05-30T16:37:43+00:00\" \/>\n<meta property=\"og:image\" content=\"https:\/\/www.elstemporers.com\/wp-content\/uploads\/MESA-TEMPORERS-CAVA.jpg\" \/>\n\t<meta property=\"og:image:width\" content=\"900\" \/>\n\t<meta property=\"og:image:height\" content=\"900\" \/>\n\t<meta property=\"og:image:type\" content=\"image\/jpeg\" \/>\n<meta name=\"author\" content=\"Quim\" \/>\n<meta name=\"twitter:card\" content=\"summary_large_image\" \/>\n<meta name=\"twitter:label1\" content=\"Escrito por\" \/>\n\t<meta name=\"twitter:data1\" content=\"Quim\" \/>\n\t<meta name=\"twitter:label2\" content=\"Tiempo de lectura\" \/>\n\t<meta name=\"twitter:data2\" content=\"3 minutos\" \/>\n<script type=\"application\/ld+json\" class=\"yoast-schema-graph\">{\"@context\":\"https:\/\/schema.org\",\"@graph\":[{\"@type\":\"WebPage\",\"@id\":\"https:\/\/www.elstemporers.com\/es\/fa-1-any-rebiem-el-primer-client\/\",\"url\":\"https:\/\/www.elstemporers.com\/es\/fa-1-any-rebiem-el-primer-client\/\",\"name\":\"\u00a1HACE UN A\u00d1O QUE RECIB\u00cdAMOS AL PRIMER CLIENTE! - Els temporers\",\"isPartOf\":{\"@id\":\"https:\/\/www.elstemporers.com\/es\/#website\"},\"datePublished\":\"2018-05-31T20:26:49+00:00\",\"dateModified\":\"2019-05-30T16:37:43+00:00\",\"author\":{\"@id\":\"https:\/\/www.elstemporers.com\/es\/#\/schema\/person\/13dd33ca48b0f3981bdd74dd679b2319\"},\"breadcrumb\":{\"@id\":\"https:\/\/www.elstemporers.com\/es\/fa-1-any-rebiem-el-primer-client\/#breadcrumb\"},\"inLanguage\":\"es\",\"potentialAction\":[{\"@type\":\"ReadAction\",\"target\":[\"https:\/\/www.elstemporers.com\/es\/fa-1-any-rebiem-el-primer-client\/\"]}]},{\"@type\":\"BreadcrumbList\",\"@id\":\"https:\/\/www.elstemporers.com\/es\/fa-1-any-rebiem-el-primer-client\/#breadcrumb\",\"itemListElement\":[{\"@type\":\"ListItem\",\"position\":1,\"name\":\"Portada\",\"item\":\"https:\/\/www.elstemporers.com\/es\/\"},{\"@type\":\"ListItem\",\"position\":2,\"name\":\"\u00a1HACE UN A\u00d1O QUE RECIB\u00cdAMOS AL PRIMER CLIENTE!\"}]},{\"@type\":\"WebSite\",\"@id\":\"https:\/\/www.elstemporers.com\/es\/#website\",\"url\":\"https:\/\/www.elstemporers.com\/es\/\",\"name\":\"Els temporers\",\"description\":\"Apartaments Rurals Terra Alta Corbera d&#039;Ebre\",\"potentialAction\":[{\"@type\":\"SearchAction\",\"target\":{\"@type\":\"EntryPoint\",\"urlTemplate\":\"https:\/\/www.elstemporers.com\/es\/?s={search_term_string}\"},\"query-input\":\"required name=search_term_string\"}],\"inLanguage\":\"es\"},{\"@type\":\"Person\",\"@id\":\"https:\/\/www.elstemporers.com\/es\/#\/schema\/person\/13dd33ca48b0f3981bdd74dd679b2319\",\"name\":\"Quim\",\"image\":{\"@type\":\"ImageObject\",\"inLanguage\":\"es\",\"@id\":\"https:\/\/www.elstemporers.com\/es\/#\/schema\/person\/image\/\",\"url\":\"https:\/\/secure.gravatar.com\/avatar\/a8f9aa0a5d35bb525d809ed3f503de0d?s=96&d=mm&r=g\",\"contentUrl\":\"https:\/\/secure.gravatar.com\/avatar\/a8f9aa0a5d35bb525d809ed3f503de0d?s=96&d=mm&r=g\",\"caption\":\"Quim\"}}]}<\/script>\n<!-- \/ Yoast SEO plugin. -->","yoast_head_json":{"title":"\u00a1HACE UN A\u00d1O QUE RECIB\u00cdAMOS AL PRIMER CLIENTE! - Els temporers","robots":{"index":"index","follow":"follow","max-snippet":"max-snippet:-1","max-image-preview":"max-image-preview:large","max-video-preview":"max-video-preview:-1"},"canonical":"https:\/\/www.elstemporers.com\/es\/fa-1-any-rebiem-el-primer-client\/","og_locale":"es_ES","og_type":"article","og_title":"\u00a1HACE UN A\u00d1O QUE RECIB\u00cdAMOS AL PRIMER CLIENTE! - Els temporers","og_description":"31 de mayo, un d\u00eda importante por nuestros Apartamentos. Tal d\u00eda como hoy, ahora hace un a\u00f1o, el d\u00eda 31 de mayo de 2017 llegaba nuestro primer cliente, de sorpresa, sin esperarlo, y, en realidad, podemos decir que este ha sido uno de los grandes aprendizajes de este primer a\u00f1o: a veces las cosas simplemente [...]","og_url":"https:\/\/www.elstemporers.com\/es\/fa-1-any-rebiem-el-primer-client\/","og_site_name":"Els temporers","article_published_time":"2018-05-31T20:26:49+00:00","article_modified_time":"2019-05-30T16:37:43+00:00","og_image":[{"width":900,"height":900,"url":"https:\/\/www.elstemporers.com\/wp-content\/uploads\/MESA-TEMPORERS-CAVA.jpg","type":"image\/jpeg"}],"author":"Quim","twitter_card":"summary_large_image","twitter_misc":{"Escrito por":"Quim","Tiempo de lectura":"3 minutos"},"schema":{"@context":"https:\/\/schema.org","@graph":[{"@type":"WebPage","@id":"https:\/\/www.elstemporers.com\/es\/fa-1-any-rebiem-el-primer-client\/","url":"https:\/\/www.elstemporers.com\/es\/fa-1-any-rebiem-el-primer-client\/","name":"\u00a1HACE UN A\u00d1O QUE RECIB\u00cdAMOS AL PRIMER CLIENTE! - Els temporers","isPartOf":{"@id":"https:\/\/www.elstemporers.com\/es\/#website"},"datePublished":"2018-05-31T20:26:49+00:00","dateModified":"2019-05-30T16:37:43+00:00","author":{"@id":"https:\/\/www.elstemporers.com\/es\/#\/schema\/person\/13dd33ca48b0f3981bdd74dd679b2319"},"breadcrumb":{"@id":"https:\/\/www.elstemporers.com\/es\/fa-1-any-rebiem-el-primer-client\/#breadcrumb"},"inLanguage":"es","potentialAction":[{"@type":"ReadAction","target":["https:\/\/www.elstemporers.com\/es\/fa-1-any-rebiem-el-primer-client\/"]}]},{"@type":"BreadcrumbList","@id":"https:\/\/www.elstemporers.com\/es\/fa-1-any-rebiem-el-primer-client\/#breadcrumb","itemListElement":[{"@type":"ListItem","position":1,"name":"Portada","item":"https:\/\/www.elstemporers.com\/es\/"},{"@type":"ListItem","position":2,"name":"\u00a1HACE UN A\u00d1O QUE RECIB\u00cdAMOS AL PRIMER CLIENTE!"}]},{"@type":"WebSite","@id":"https:\/\/www.elstemporers.com\/es\/#website","url":"https:\/\/www.elstemporers.com\/es\/","name":"Els temporers","description":"Apartaments Rurals Terra Alta Corbera d&#039;Ebre","potentialAction":[{"@type":"SearchAction","target":{"@type":"EntryPoint","urlTemplate":"https:\/\/www.elstemporers.com\/es\/?s={search_term_string}"},"query-input":"required name=search_term_string"}],"inLanguage":"es"},{"@type":"Person","@id":"https:\/\/www.elstemporers.com\/es\/#\/schema\/person\/13dd33ca48b0f3981bdd74dd679b2319","name":"Quim","image":{"@type":"ImageObject","inLanguage":"es","@id":"https:\/\/www.elstemporers.com\/es\/#\/schema\/person\/image\/","url":"https:\/\/secure.gravatar.com\/avatar\/a8f9aa0a5d35bb525d809ed3f503de0d?s=96&d=mm&r=g","contentUrl":"https:\/\/secure.gravatar.com\/avatar\/a8f9aa0a5d35bb525d809ed3f503de0d?s=96&d=mm&r=g","caption":"Quim"}}]}},"_links":{"self":[{"href":"https:\/\/www.elstemporers.com\/es\/wp-json\/wp\/v2\/posts\/1365"}],"collection":[{"href":"https:\/\/www.elstemporers.com\/es\/wp-json\/wp\/v2\/posts"}],"about":[{"href":"https:\/\/www.elstemporers.com\/es\/wp-json\/wp\/v2\/types\/post"}],"author":[{"embeddable":true,"href":"https:\/\/www.elstemporers.com\/es\/wp-json\/wp\/v2\/users\/1"}],"replies":[{"embeddable":true,"href":"https:\/\/www.elstemporers.com\/es\/wp-json\/wp\/v2\/comments?post=1365"}],"version-history":[{"count":4,"href":"https:\/\/www.elstemporers.com\/es\/wp-json\/wp\/v2\/posts\/1365\/revisions"}],"predecessor-version":[{"id":2016,"href":"https:\/\/www.elstemporers.com\/es\/wp-json\/wp\/v2\/posts\/1365\/revisions\/2016"}],"wp:featuredmedia":[{"embeddable":true,"href":"https:\/\/www.elstemporers.com\/es\/wp-json\/wp\/v2\/media\/1371"}],"wp:attachment":[{"href":"https:\/\/www.elstemporers.com\/es\/wp-json\/wp\/v2\/media?parent=1365"}],"wp:term":[{"taxonomy":"category","embeddable":true,"href":"https:\/\/www.elstemporers.com\/es\/wp-json\/wp\/v2\/categories?post=1365"},{"taxonomy":"post_tag","embeddable":true,"href":"https:\/\/www.elstemporers.com\/es\/wp-json\/wp\/v2\/tags?post=1365"}],"curies":[{"name":"wp","href":"https:\/\/api.w.org\/{rel}","templated":true}]}}