{"id":1367,"date":"2018-05-31T20:27:11","date_gmt":"2018-05-31T20:27:11","guid":{"rendered":"http:\/\/www.elstemporers.com\/?p=1367"},"modified":"2018-06-25T22:08:31","modified_gmt":"2018-06-25T22:08:31","slug":"fa-1-any-rebiem-el-primer-client-2","status":"publish","type":"post","link":"https:\/\/www.elstemporers.com\/es\/fa-1-any-rebiem-el-primer-client-2\/","title":{"rendered":"FA 1 ANY REB\u00cdEM EL PRIMER CLIENT!"},"content":{"rendered":"<p>31 de maig, un dia important pels nostres Apartaments.<\/p>\n<p>Tal dia com avui, ara fa un any, el dia 31 de maig de 2017 arribava el nostre primer client, de sorpresa, sense esperar-ho, i, en realitat, podem dir que aquest ha estat un dels grans aprenentatges d\u2019aquest primer any: de vegades les coses simplement passen, sense que les puguis preveure!<\/p>\n<p>Hav\u00edem acabat les obres, estava tot preparat, canals de venda oberts, incl\u00fas hav\u00edem tingut la primera reserva, feta a trav\u00e9s de Escapada Rural, quan de repent rebem una trucada&#8230;<\/p>\n<p>El Miquel, un Sr. d\u2019uns 60 anys, aragon\u00e8s, en bicicleta, que estava fent el Cam\u00ed de Sant Jaume i que ho havia trobat tot ple a Gandesa, ens trucava per passar una nit. Recordo que em va preguntar el preu&#8230; i en xoc encara, insegura davant aquella trucada \u201cinesperada\u201d, no sabia qu\u00e8 respondre-li&#8230; no ten\u00edem previst vendre una nit sola, o si ho f\u00e8iem era amb un rec\u00e0rrec, per\u00f2&#8230; no li pod\u00edem cobrar un rec\u00e0rrec al Sr. Miquel, podia ser el nostre primer client! El preu que tenim ara \u00e9s el de temporada alta, mitja o baixa, anava pensant jo&#8230; \u201cOn quedem?\u201d em pregunta el Sr. Miquel. No ho s\u00e9&#8230; \u201ca la carretera, davant La Caixa?\u201d Tenia previst que la gent arribaria amb el GPS davant la porta&#8230;<\/p>\n<p>Un cop penjo d\u2019aquella trucada es ficava en marxa la log\u00edstica del \u201ccheck-in\u201d. Vaig trucar a la Rosa, la persona responsable d\u2019atendre els clients quan arriben a Corbera, li vaig explicar tot i encara riu ara! Recordo que em deia \u201cAnna, no <em>m\u2019anredos,<\/em> eh!! Com que ve un home en bicicleta? Segur?\u201d<\/p>\n<p>Han passat moltes persones des de llavors: fam\u00edlies, grups d\u2019amics, persones soles, parelles; que ens visitaven des de molts llocs diferents: Catalunya, Pa\u00eds Basc, Val\u00e8ncia, Fran\u00e7a, Holanda, Anglaterra, Su\u00efssa, It\u00e0lia; i per raons molts diverses: per la Batalla de l\u2019Ebre, pels Ports, per La Fontcalda, o perqu\u00e8 hi havia una fira de vins ecol\u00f2gics, per les curses de motos, per un campionat d\u2019atletisme, pel Cam\u00ed de Sant Jaume, a veure a la fam\u00edlia, o per feina&#8230; I han estat aix\u00f2, persones, amb noms i cognoms, no nom\u00e9s clients. Tenim guardats cada un dels seus contactes al nostre m\u00f2bil, perqu\u00e8 hem parlat amb tots i cadascun d\u2019ells de forma personal.<\/p>\n<p>A totes aquestes persones que han confiat en nosaltres, MOLTES GR\u00c0CIES! Moltes gr\u00e0cies tamb\u00e9 als seus comentaris, a trav\u00e9s de plataformes com Booking, Airbnb, Escapada Rural o Avaibook; o a trav\u00e9s de correus electr\u00f2nics o missatges de whatsapp. Agra\u00efm cada un dels comentaris i valoracions. Agra\u00efm aquells que ens heu ficat un 10 (\u00e9s un \u201csubid\u00f3n\u201d!) i aquells que no ens heu valorat tan positivament o heu trobat a faltar alguna cosa (perqu\u00e8 sempre ens ajudeu a millorar).<\/p>\n<p>Gr\u00e0cies tamb\u00e9 a les plataformes de venda, perqu\u00e8 posen al teu abast tota una tecnologia i un posicionament que et permet arribar a tot el m\u00f3n, a milions de potencials turistes, des del moment 0.<\/p>\n<p>Gr\u00e0cies a Booking, a Escapada Rural, a AIRBNB i al nostre motor de reserves, AVAIBOOK, per fer que els \u201cpetits\u201d tinguem una finestra al m\u00f3n digital.<\/p>\n<p>Gr\u00e0cies a la gent de Corbera, que des del primer moment ha sentit amb orgull el projecte i ens consta que sempre que han tingut l\u2019oportunitat, han fet promoci\u00f3 \u201cdels apartaments de Corbera\u201d. Ens han visitat familiars i amics de gent del poble tamb\u00e9&#8230; per\u00f2 lo m\u00e9s important \u00e9s com la gent ha \u201cacollit\u201d a les persones que ens visitaven, fent-los sentir que a Corbera, hi s\u00f3n benvinguts! I aix\u00f2&#8230; no t\u00e9 preu!<\/p>\n<p>Ara toca obrir un nou any, nous reptes, noves \u201cpersones\u201d,&#8230; per\u00f2 la mateixa passi\u00f3 i il\u00b7lusi\u00f3 de fa 365 dies!<\/p>\n<p>Per molts anys m\u00e9s que ho puguem celebrar! &#x1f609;<\/p>\n<p><strong>\u00a0<\/strong><\/p>\n<p><strong>Seguim amb vosaltres, descobrint aquest parad\u00eds rural anomenat Terra Alta.<\/strong><\/p>\n","protected":false},"excerpt":{"rendered":"<p>31 de maig, un dia important pels nostres Apartaments. Tal dia com avui, ara fa un any, el dia 31 de maig de 2017 arribava el nostre primer client, de sorpresa, sense esperar-ho, i, en realitat, podem dir que aquest ha estat un dels grans aprenentatges d\u2019aquest primer any: de vegades les coses simplement passen, [&#8230;]\n","protected":false},"author":1,"featured_media":1373,"comment_status":"closed","ping_status":"closed","sticky":false,"template":"","format":"standard","meta":{"footnotes":""},"categories":[77],"tags":[],"yoast_head":"<!-- This site is optimized with the Yoast SEO plugin v21.7 - https:\/\/yoast.com\/wordpress\/plugins\/seo\/ -->\n<title>FA 1 ANY REB\u00cdEM EL PRIMER CLIENT! - Els temporers<\/title>\n<meta name=\"robots\" content=\"index, follow, max-snippet:-1, max-image-preview:large, max-video-preview:-1\" \/>\n<link rel=\"canonical\" href=\"https:\/\/www.elstemporers.com\/es\/fa-1-any-rebiem-el-primer-client-2\/\" \/>\n<meta property=\"og:locale\" content=\"es_ES\" \/>\n<meta property=\"og:type\" content=\"article\" \/>\n<meta property=\"og:title\" content=\"FA 1 ANY REB\u00cdEM EL PRIMER CLIENT! - Els temporers\" \/>\n<meta property=\"og:description\" content=\"31 de maig, un dia important pels nostres Apartaments. Tal dia com avui, ara fa un any, el dia 31 de maig de 2017 arribava el nostre primer client, de sorpresa, sense esperar-ho, i, en realitat, podem dir que aquest ha estat un dels grans aprenentatges d\u2019aquest primer any: de vegades les coses simplement passen, [...]\" \/>\n<meta property=\"og:url\" content=\"https:\/\/www.elstemporers.com\/es\/fa-1-any-rebiem-el-primer-client-2\/\" \/>\n<meta property=\"og:site_name\" content=\"Els temporers\" \/>\n<meta property=\"article:published_time\" content=\"2018-05-31T20:27:11+00:00\" \/>\n<meta property=\"article:modified_time\" content=\"2018-06-25T22:08:31+00:00\" \/>\n<meta property=\"og:image\" content=\"https:\/\/www.elstemporers.com\/wp-content\/uploads\/MESA-TEMPORERS-CAVA-1.jpg\" \/>\n\t<meta property=\"og:image:width\" content=\"900\" \/>\n\t<meta property=\"og:image:height\" content=\"900\" \/>\n\t<meta property=\"og:image:type\" content=\"image\/jpeg\" \/>\n<meta name=\"author\" content=\"Quim\" \/>\n<meta name=\"twitter:card\" content=\"summary_large_image\" \/>\n<meta name=\"twitter:label1\" content=\"Escrito por\" \/>\n\t<meta name=\"twitter:data1\" content=\"Quim\" \/>\n\t<meta name=\"twitter:label2\" content=\"Tiempo de lectura\" \/>\n\t<meta name=\"twitter:data2\" content=\"3 minutos\" \/>\n<script type=\"application\/ld+json\" class=\"yoast-schema-graph\">{\"@context\":\"https:\/\/schema.org\",\"@graph\":[{\"@type\":\"WebPage\",\"@id\":\"https:\/\/www.elstemporers.com\/es\/fa-1-any-rebiem-el-primer-client-2\/\",\"url\":\"https:\/\/www.elstemporers.com\/es\/fa-1-any-rebiem-el-primer-client-2\/\",\"name\":\"FA 1 ANY REB\u00cdEM EL PRIMER CLIENT! - Els temporers\",\"isPartOf\":{\"@id\":\"https:\/\/www.elstemporers.com\/es\/#website\"},\"datePublished\":\"2018-05-31T20:27:11+00:00\",\"dateModified\":\"2018-06-25T22:08:31+00:00\",\"author\":{\"@id\":\"https:\/\/www.elstemporers.com\/es\/#\/schema\/person\/13dd33ca48b0f3981bdd74dd679b2319\"},\"breadcrumb\":{\"@id\":\"https:\/\/www.elstemporers.com\/es\/fa-1-any-rebiem-el-primer-client-2\/#breadcrumb\"},\"inLanguage\":\"es\",\"potentialAction\":[{\"@type\":\"ReadAction\",\"target\":[\"https:\/\/www.elstemporers.com\/es\/fa-1-any-rebiem-el-primer-client-2\/\"]}]},{\"@type\":\"BreadcrumbList\",\"@id\":\"https:\/\/www.elstemporers.com\/es\/fa-1-any-rebiem-el-primer-client-2\/#breadcrumb\",\"itemListElement\":[{\"@type\":\"ListItem\",\"position\":1,\"name\":\"Portada\",\"item\":\"https:\/\/www.elstemporers.com\/es\/\"},{\"@type\":\"ListItem\",\"position\":2,\"name\":\"FA 1 ANY REB\u00cdEM EL PRIMER CLIENT!\"}]},{\"@type\":\"WebSite\",\"@id\":\"https:\/\/www.elstemporers.com\/es\/#website\",\"url\":\"https:\/\/www.elstemporers.com\/es\/\",\"name\":\"Els temporers\",\"description\":\"Apartaments Rurals Terra Alta Corbera d&#039;Ebre\",\"potentialAction\":[{\"@type\":\"SearchAction\",\"target\":{\"@type\":\"EntryPoint\",\"urlTemplate\":\"https:\/\/www.elstemporers.com\/es\/?s={search_term_string}\"},\"query-input\":\"required name=search_term_string\"}],\"inLanguage\":\"es\"},{\"@type\":\"Person\",\"@id\":\"https:\/\/www.elstemporers.com\/es\/#\/schema\/person\/13dd33ca48b0f3981bdd74dd679b2319\",\"name\":\"Quim\",\"image\":{\"@type\":\"ImageObject\",\"inLanguage\":\"es\",\"@id\":\"https:\/\/www.elstemporers.com\/es\/#\/schema\/person\/image\/\",\"url\":\"https:\/\/secure.gravatar.com\/avatar\/a8f9aa0a5d35bb525d809ed3f503de0d?s=96&d=mm&r=g\",\"contentUrl\":\"https:\/\/secure.gravatar.com\/avatar\/a8f9aa0a5d35bb525d809ed3f503de0d?s=96&d=mm&r=g\",\"caption\":\"Quim\"}}]}<\/script>\n<!-- \/ Yoast SEO plugin. -->","yoast_head_json":{"title":"FA 1 ANY REB\u00cdEM EL PRIMER CLIENT! - Els temporers","robots":{"index":"index","follow":"follow","max-snippet":"max-snippet:-1","max-image-preview":"max-image-preview:large","max-video-preview":"max-video-preview:-1"},"canonical":"https:\/\/www.elstemporers.com\/es\/fa-1-any-rebiem-el-primer-client-2\/","og_locale":"es_ES","og_type":"article","og_title":"FA 1 ANY REB\u00cdEM EL PRIMER CLIENT! - Els temporers","og_description":"31 de maig, un dia important pels nostres Apartaments. Tal dia com avui, ara fa un any, el dia 31 de maig de 2017 arribava el nostre primer client, de sorpresa, sense esperar-ho, i, en realitat, podem dir que aquest ha estat un dels grans aprenentatges d\u2019aquest primer any: de vegades les coses simplement passen, [...]","og_url":"https:\/\/www.elstemporers.com\/es\/fa-1-any-rebiem-el-primer-client-2\/","og_site_name":"Els temporers","article_published_time":"2018-05-31T20:27:11+00:00","article_modified_time":"2018-06-25T22:08:31+00:00","og_image":[{"width":900,"height":900,"url":"https:\/\/www.elstemporers.com\/wp-content\/uploads\/MESA-TEMPORERS-CAVA-1.jpg","type":"image\/jpeg"}],"author":"Quim","twitter_card":"summary_large_image","twitter_misc":{"Escrito por":"Quim","Tiempo de lectura":"3 minutos"},"schema":{"@context":"https:\/\/schema.org","@graph":[{"@type":"WebPage","@id":"https:\/\/www.elstemporers.com\/es\/fa-1-any-rebiem-el-primer-client-2\/","url":"https:\/\/www.elstemporers.com\/es\/fa-1-any-rebiem-el-primer-client-2\/","name":"FA 1 ANY REB\u00cdEM EL PRIMER CLIENT! - Els temporers","isPartOf":{"@id":"https:\/\/www.elstemporers.com\/es\/#website"},"datePublished":"2018-05-31T20:27:11+00:00","dateModified":"2018-06-25T22:08:31+00:00","author":{"@id":"https:\/\/www.elstemporers.com\/es\/#\/schema\/person\/13dd33ca48b0f3981bdd74dd679b2319"},"breadcrumb":{"@id":"https:\/\/www.elstemporers.com\/es\/fa-1-any-rebiem-el-primer-client-2\/#breadcrumb"},"inLanguage":"es","potentialAction":[{"@type":"ReadAction","target":["https:\/\/www.elstemporers.com\/es\/fa-1-any-rebiem-el-primer-client-2\/"]}]},{"@type":"BreadcrumbList","@id":"https:\/\/www.elstemporers.com\/es\/fa-1-any-rebiem-el-primer-client-2\/#breadcrumb","itemListElement":[{"@type":"ListItem","position":1,"name":"Portada","item":"https:\/\/www.elstemporers.com\/es\/"},{"@type":"ListItem","position":2,"name":"FA 1 ANY REB\u00cdEM EL PRIMER CLIENT!"}]},{"@type":"WebSite","@id":"https:\/\/www.elstemporers.com\/es\/#website","url":"https:\/\/www.elstemporers.com\/es\/","name":"Els temporers","description":"Apartaments Rurals Terra Alta Corbera d&#039;Ebre","potentialAction":[{"@type":"SearchAction","target":{"@type":"EntryPoint","urlTemplate":"https:\/\/www.elstemporers.com\/es\/?s={search_term_string}"},"query-input":"required name=search_term_string"}],"inLanguage":"es"},{"@type":"Person","@id":"https:\/\/www.elstemporers.com\/es\/#\/schema\/person\/13dd33ca48b0f3981bdd74dd679b2319","name":"Quim","image":{"@type":"ImageObject","inLanguage":"es","@id":"https:\/\/www.elstemporers.com\/es\/#\/schema\/person\/image\/","url":"https:\/\/secure.gravatar.com\/avatar\/a8f9aa0a5d35bb525d809ed3f503de0d?s=96&d=mm&r=g","contentUrl":"https:\/\/secure.gravatar.com\/avatar\/a8f9aa0a5d35bb525d809ed3f503de0d?s=96&d=mm&r=g","caption":"Quim"}}]}},"_links":{"self":[{"href":"https:\/\/www.elstemporers.com\/es\/wp-json\/wp\/v2\/posts\/1367"}],"collection":[{"href":"https:\/\/www.elstemporers.com\/es\/wp-json\/wp\/v2\/posts"}],"about":[{"href":"https:\/\/www.elstemporers.com\/es\/wp-json\/wp\/v2\/types\/post"}],"author":[{"embeddable":true,"href":"https:\/\/www.elstemporers.com\/es\/wp-json\/wp\/v2\/users\/1"}],"replies":[{"embeddable":true,"href":"https:\/\/www.elstemporers.com\/es\/wp-json\/wp\/v2\/comments?post=1367"}],"version-history":[{"count":1,"href":"https:\/\/www.elstemporers.com\/es\/wp-json\/wp\/v2\/posts\/1367\/revisions"}],"predecessor-version":[{"id":1368,"href":"https:\/\/www.elstemporers.com\/es\/wp-json\/wp\/v2\/posts\/1367\/revisions\/1368"}],"wp:featuredmedia":[{"embeddable":true,"href":"https:\/\/www.elstemporers.com\/es\/wp-json\/wp\/v2\/media\/1373"}],"wp:attachment":[{"href":"https:\/\/www.elstemporers.com\/es\/wp-json\/wp\/v2\/media?parent=1367"}],"wp:term":[{"taxonomy":"category","embeddable":true,"href":"https:\/\/www.elstemporers.com\/es\/wp-json\/wp\/v2\/categories?post=1367"},{"taxonomy":"post_tag","embeddable":true,"href":"https:\/\/www.elstemporers.com\/es\/wp-json\/wp\/v2\/tags?post=1367"}],"curies":[{"name":"wp","href":"https:\/\/api.w.org\/{rel}","templated":true}]}}