{"id":2096,"date":"2019-06-12T14:05:21","date_gmt":"2019-06-12T14:05:21","guid":{"rendered":"https:\/\/www.elstemporers.com\/?p=2096"},"modified":"2019-06-12T14:06:10","modified_gmt":"2019-06-12T14:06:10","slug":"excursion-via-verda-terra-alta-rural","status":"publish","type":"post","link":"https:\/\/www.elstemporers.com\/es\/excursion-via-verda-terra-alta-rural\/","title":{"rendered":"Excursi\u00f3n por la Via Verda en la Terra Alta"},"content":{"rendered":"\n<p> Os viene de gusto hacer una <strong>excursi\u00f3n<\/strong>? Tanto si la quer\u00e9is hacer <strong>a pie, como en bici o a caballo<\/strong>, tenemos una buena propuesta para hacerlo, la <strong>V\u00eda Verde en la Terra Alta! <\/strong><br><\/p>\n\n\n\n<p><strong>La V\u00eda Verda<\/strong> es uno de los reclamos y<strong> espacios m\u00e1s conocidos de la Terra Alta<\/strong>. Se trata del antiguo trazado de la v\u00eda del tren que actualmente permite recorrer un<strong> itinerario en plena naturaleza<\/strong> tanto si lo quer\u00e9is hacer solos, en pareja, con amigos o en familia. <br><\/p>\n\n\n\n<p> <br>La V\u00eda Verde <strong>atraviesa las comarcas de la Terra Alta y el Baix Ebre<\/strong>, por un camino de 51\u20199 km<strong> entre la antigua estaci\u00f3n de Arnes y la ciudad de Tortosa<\/strong>. Un itinerario con el trasfondo de<strong> magn\u00edficos paisajes<\/strong> de la vertiente occidental del Puerto, los encantos del r\u00edo Canaletas y la llanura fluvial del Ebro. Ah, y tambi\u00e9n cuenta con <strong>un tramo entre Bot y la Fontcalda, en Gandesa, habilitado para personas con movilidad reducida. <\/strong><br><\/p>\n\n\n\n<p>Hay que tener en cuenta que hay que almorzar bien antes de hacer el itinerario considerado de dificultad media, as\u00ed como llevar agua, crema solar, etc. y tener presente que tiene un desnivel en bajada de 450m, y en subida, de 30m. <br><\/p>\n\n\n\n<p>Igualmente hay que destacar que<strong> todo el itinerario est\u00e1 adecuado para poder circular en bicicleta,<\/strong> tanto por lo que se refiere a se\u00f1alizaci\u00f3n, protecciones y delimitaciones, como tambi\u00e9n iluminaci\u00f3n autom\u00e1tica de <strong>t\u00faneles que encontrar\u00e9is hasta 41<\/strong>, algunos de considerable alargada de hasta 750 metros. <br><\/p>\n\n\n\n<figure class=\"wp-block-image\"><img loading=\"lazy\" decoding=\"async\" width=\"1024\" height=\"745\" src=\"https:\/\/www.elstemporers.com\/wp-content\/uploads\/\/estacio-arnes-1024x745.png\" alt=\"\" class=\"wp-image-2084\" srcset=\"https:\/\/www.elstemporers.com\/wp-content\/uploads\/estacio-arnes-1024x745.png 1024w, https:\/\/www.elstemporers.com\/wp-content\/uploads\/estacio-arnes-300x218.png 300w, https:\/\/www.elstemporers.com\/wp-content\/uploads\/estacio-arnes-768x559.png 768w, https:\/\/www.elstemporers.com\/wp-content\/uploads\/estacio-arnes.png 1036w\" sizes=\"(max-width: 1024px) 100vw, 1024px\" \/><\/figure>\n\n\n\n<h2 class=\"wp-block-heading\"><strong>Inicio en Arnes. \u00bfCom llegar?<\/strong><\/h2>\n\n\n\n<p>Para<strong> empezar el recorrido en Arnes<\/strong>, desde el nordeste y centro del Principado har\u00e1 falta que acced\u00e9is por las salidas 34 o 35 de la autopista AP-7 (Reus Oeste, Reus Sur), continu\u00e9is hasta Reus por la autov\u00eda (unos 10 km) y coj\u00e1is la <strong>N-420 en direcci\u00f3n a Falset, M\u00f3ra de Ebre y Gandesa<\/strong> (unos 70 km m\u00e1s).<\/p>\n\n\n\n<p>Depu\u00e9s desde el oeste y el sur, ten\u00e9is que dirigios a Gandesa por la C-12, de Tortosa a Lleida, y la N-420. Llegados a Gandesa, o 6 km despu\u00e9s por la misma N-420, cog\u00e9is la carretera TV-3531<strong> hasta Bot<\/strong>, la T-334 hasta <strong>Horta de Sant Joan<\/strong> y la T-330 <strong>hasta Arnes<\/strong> (unos 31 km).<\/p>\n\n\n\n<p>En Arnes, <strong>el punto de inicio de la ruta es a la antigua estaci\u00f3n de Lled\u00f3-Arnes<\/strong>, situada a 5,5 km del municipio, a la derecha del km 9 de la carretera TEV-3303 en direcci\u00f3n a Lled\u00f3. Por un corto tramo de pista de tierra accedemos a la estaci\u00f3n, donde podr\u00e9is estacionar vuestro veh\u00edculo. Igualmente, en la estaci\u00f3n tambi\u00e9n pod\u00e9is llegar en bicicleta por una pista se\u00f1alizada que parte en la T-330, inmediatamente al otro lado del desv\u00edo de acceso a Arnes (5 km; aconsejamos que os inform\u00e9is del caudal del r\u00edo Algars, \u00a1antes de cruzarlo!). <\/p>\n\n\n\n<figure class=\"wp-block-image\"><img loading=\"lazy\" decoding=\"async\" width=\"1024\" height=\"720\" src=\"https:\/\/www.elstemporers.com\/wp-content\/uploads\/\/tunel-1024x720.png\" alt=\"\" class=\"wp-image-2086\" srcset=\"https:\/\/www.elstemporers.com\/wp-content\/uploads\/tunel-1024x720.png 1024w, https:\/\/www.elstemporers.com\/wp-content\/uploads\/tunel-300x211.png 300w, https:\/\/www.elstemporers.com\/wp-content\/uploads\/tunel-768x540.png 768w, https:\/\/www.elstemporers.com\/wp-content\/uploads\/tunel.png 1050w\" sizes=\"(max-width: 1024px) 100vw, 1024px\" \/><\/figure>\n\n\n\n<h2 class=\"wp-block-heading\"><strong>Estaci\u00f3n de Horta de Sant Joan<\/strong><\/h2>\n\n\n\n<p>Al km 2,1 del recorrido, hasta aqu\u00ed plano y r\u00e1pido, habremos llegado a la <strong>estaci\u00f3n de Horta de Sant Joan, lugar privilegiado y de gran patrimonio hist\u00f3rico y monumental. <\/strong>De hecho, hay que recordar que fue aqu\u00ed donde <strong>Pablo Picasso, en dos estancias, plasm\u00f3 la belleza del lugar en su obra pict\u00f3rica.<\/strong><\/p>\n\n\n\n<p>Siguiendo el recorrido, encontrar\u00e9is la <strong>monta\u00f1a de Santa B\u00e0rbara con el convento de San Salvador<\/strong> a sus pies, otro motivo pict\u00f3rico recreado por el artista universal. Rodeando la monta\u00f1a, el itinerario gira hacia el nordeste e inicia una bajada hasta la orilla del Ebro. <\/p>\n\n\n\n<h2 class=\"wp-block-heading\"><strong>El Riu Canaletes y la Fontcalda<\/strong><\/h2>\n\n\n\n<p>Al km 13\u201940, despu\u00e9s de pasar siete t\u00faneles, llegar\u00e9is a <strong>Bot<\/strong>, encontr\u00e1ndoos una<strong> poblaci\u00f3n agr\u00edcola que tiene el origen en un asentamiento \u00edbero y la gran belleza del valle del r\u00edo Canaletes.<\/strong><\/p>\n\n\n\n<p>Una vez pasamos siete t\u00faneles m\u00e1s y dos espectaculares puentes espectaculares, llegamos a la <strong>estaci\u00f3n de Prat de Comte <\/strong>y, al km 19, salimos sobre el <strong>santuario y balneario de la&nbsp;Fontcalda, del t\u00e9rmino municipal de Gandesa<\/strong>, justo al otro lado del Canaletes.<\/p>\n\n\n\n<p><strong>La Fontcalda hace referencia a las fuentes de agua caliente <\/strong>que encontramos al otro lado del r\u00edo, actualmente un lugar de veraneo y vacaciones, con servicio de hoster\u00eda los fines de semana, periodos de vacaciones y d\u00edas festivos. Una gran oportunidad que \u00a1pod\u00e9is disfrutar!<\/p>\n\n\n\n<p>Recuperamos el itinerario en el tramo de subida para situarnos nuevamente sobre el trazado de la v\u00eda y continuamos el recorrido abajo. Al km 18 hay un t\u00fanel enrunado que hay que bordear al lado izquierdo por una pista abierta.<\/p>\n\n\n\n<p>Desde el <strong>balneario de la&nbsp;Fontcalda,<\/strong> una vez superados siete t\u00faneles m\u00e1s, encontraremos al km 23\u201980 la <strong>estaci\u00f3n del t\u00e9rmino municipal de&nbsp;Pinell&nbsp;de&nbsp;Brai<\/strong>&nbsp;(a 6 km de la estaci\u00f3n por la carretera N-230). <\/p>\n\n\n\n<p><br><\/p>\n\n\n\n<figure class=\"wp-block-image\"><img loading=\"lazy\" decoding=\"async\" width=\"1024\" height=\"565\" src=\"https:\/\/www.elstemporers.com\/wp-content\/uploads\/\/fontcaldaa-1024x565.png\" alt=\"\" class=\"wp-image-2081\" srcset=\"https:\/\/www.elstemporers.com\/wp-content\/uploads\/fontcaldaa-1024x565.png 1024w, https:\/\/www.elstemporers.com\/wp-content\/uploads\/fontcaldaa-300x166.png 300w, https:\/\/www.elstemporers.com\/wp-content\/uploads\/fontcaldaa-768x424.png 768w, https:\/\/www.elstemporers.com\/wp-content\/uploads\/fontcaldaa.png 1380w\" sizes=\"(max-width: 1024px) 100vw, 1024px\" \/><\/figure>\n\n\n\n<h2 class=\"wp-block-heading\"><strong>El Baix Ebre<\/strong><br><\/h2>\n\n\n\n<p>La V\u00eda va girando al sudeste y se encara decididamente hacia el<strong> valle del Ebre,<\/strong> donde al km 27,1 pasamos el <strong>Canaletes por el puente de la Riberola y entrando a la comarca del Baix Ebre<\/strong> y los t\u00faneles se van sucediendo con gran rapidez.<\/p>\n\n\n\n<p>El itinerario sigue sobre el<strong> r\u00edo Ebre,<\/strong> que discurre lentamente al otro lado de la carretera C-12, y que ir\u00e1 entrecruz\u00e1ndose con la V\u00eda Verde hasta encontrar la <strong>Estaci\u00f3n de Benifallet,<\/strong> alejada del n\u00facleo de poblaci\u00f3n.<\/p>\n\n\n\n<p>El \u00faltimo t\u00fanel del recorrido lo encontramos en el km 34,5 llegando ante <strong>Xerta, una espectacular presa<\/strong> de 310m de origen \u00e1rabe que alimenta los canales derecho e izquierdo.<\/p>\n\n\n\n<p><strong>La estaci\u00f3n de Xerta <\/strong>se sit\u00faa al km 36,7, situada en el centro de un gran meandro del r\u00edo. El n\u00facleo antiguo conserva una sencilla <strong>iglesia barroca<\/strong> y destacan las naranjas agridulces del municipio. <\/p>\n\n\n\n<figure class=\"wp-block-image\"><img loading=\"lazy\" decoding=\"async\" width=\"1024\" height=\"773\" src=\"https:\/\/www.elstemporers.com\/wp-content\/uploads\/\/estacio-benifallet-1024x773.png\" alt=\"\" class=\"wp-image-2089\" srcset=\"https:\/\/www.elstemporers.com\/wp-content\/uploads\/estacio-benifallet-1024x773.png 1024w, https:\/\/www.elstemporers.com\/wp-content\/uploads\/estacio-benifallet-300x227.png 300w, https:\/\/www.elstemporers.com\/wp-content\/uploads\/estacio-benifallet-768x580.png 768w, https:\/\/www.elstemporers.com\/wp-content\/uploads\/estacio-benifallet.png 1046w\" sizes=\"(max-width: 1024px) 100vw, 1024px\" \/><\/figure>\n\n\n\n<p><\/p>\n\n\n\n<h2 class=\"wp-block-heading\"><strong>Tramo final hacia Tortosa<\/strong><\/h2>\n\n\n\n<p>Provisionalmente, el curso de la V\u00eda Verda ha sido cortado por la circunvalaci\u00f3n de la carretera C-12. Habr\u00e1 que buscar su paso por el interior de la villa bajando por la avenida de la estaci\u00f3n, calle del Calvario, a la derecha por la calle de San Mart\u00edn y, poco despu\u00e9s, a la izquierda por la calle de Santiago Rossinyol hasta la<strong> plaza Mayor, donde encontraremos la iglesia<\/strong>. Delante, al lado del sur, la calle de Tortosa conduce a un camino que discurre junto al canal.<\/p>\n\n\n\n<p>Ya encarando el tramo final, encontrar\u00e9is una <strong>\u00e1rea de ocio y barbacoas<\/strong> en el km 38. Si giramos a la derecha, pasamos la carretera por debajo y, al otro lado, recuperamos hacia la izquierda el itinerario de la V\u00eda Verde.<\/p>\n\n\n\n<p>En este punto transcurrimos entre <strong>huertos y \u00e1rboles de cultivo, y pasamos la poblaci\u00f3n de Aldover<\/strong> en el km 40,5. Ahora tendremos que cruzar 4 km m\u00e1s abajo y por debajo la carretera C-12.<\/p>\n\n\n\n<p>Encontramos una nueva<strong> zona de recreo<\/strong> al km 46,3 del recorrido, ya a la vista de Tortosa, justo al otro lado de la carretera de Cuatro Caminos. Aprovechad que es la \u00faltima \u00e1rea de descanso antes de entrar al casco urbano de Roquetes y Tortosa!<\/p>\n\n\n\n<p><strong>Una vez atraves\u00e1is el r\u00edo Ebro por el antiguo puente del ferrocarril habr\u00e9is llegado a Tortosa<\/strong>. La importancia de esta obra no tan solo recae al dar continuidad a la V\u00eda Verde, sino tambi\u00e9n el activo tur\u00edstico que supone su prolongaci\u00f3n al delta del Ebro por <strong>caminos naturales que transcurren por el borde del canal, enlazando dos parques naturales: el de los Ports y el del Delta. <\/strong><\/p>\n\n\n\n<p><em>Font: ACNA SL<\/em><\/p>\n\n\n\n<div class=\"wp-block-button is-style-outline\"><a class=\"wp-block-button__link\" href=\"https:\/\/www.elstemporers.com\/es\/apartamentos\/\"><strong>Nuestros&nbsp;Apartamentos<\/strong><\/a><\/div>\n\n\n\n<div class=\"wp-block-button is-style-outline\"><a class=\"wp-block-button__link\" href=\"https:\/\/www.elstemporers.com\/es\/contacto\/\"><strong>\u00a1Contacta!<\/strong><\/a><\/div>\n","protected":false},"excerpt":{"rendered":"<p>Os viene de gusto hacer una excursi\u00f3n? Tanto si la quer\u00e9is hacer a pie, como en bici o a caballo, tenemos una buena propuesta para hacerlo, la V\u00eda Verde en la Terra Alta! La V\u00eda Verda es uno de los reclamos y espacios m\u00e1s conocidos de la Terra Alta. Se trata del antiguo trazado de [&#8230;]\n","protected":false},"author":2,"featured_media":2080,"comment_status":"closed","ping_status":"closed","sticky":false,"template":"","format":"standard","meta":{"footnotes":""},"categories":[527],"tags":[],"yoast_head":"<!-- This site is optimized with the Yoast SEO plugin v21.7 - https:\/\/yoast.com\/wordpress\/plugins\/seo\/ -->\n<title>Excursi\u00f3n por la Via Verda en la Terra Alta - Els temporers<\/title>\n<meta name=\"description\" content=\"Os viene de gusto hacer una excursi\u00f3n? Tanto si la quer\u00e9is hacer a pie, como en bici o a caballo, tenemos una buena propuesta para hacerlo, la V\u00eda Verde en la Terra Alta! \ufeff\" \/>\n<meta name=\"robots\" content=\"index, follow, max-snippet:-1, max-image-preview:large, max-video-preview:-1\" \/>\n<link rel=\"canonical\" href=\"https:\/\/www.elstemporers.com\/es\/excursion-via-verda-terra-alta-rural\/\" \/>\n<meta property=\"og:locale\" content=\"es_ES\" \/>\n<meta property=\"og:type\" content=\"article\" \/>\n<meta property=\"og:title\" content=\"Excursi\u00f3n por la Via Verda en la Terra Alta - Els temporers\" \/>\n<meta property=\"og:description\" content=\"Os viene de gusto hacer una excursi\u00f3n? Tanto si la quer\u00e9is hacer a pie, como en bici o a caballo, tenemos una buena propuesta para hacerlo, la V\u00eda Verde en la Terra Alta! \ufeff\" \/>\n<meta property=\"og:url\" content=\"https:\/\/www.elstemporers.com\/es\/excursion-via-verda-terra-alta-rural\/\" \/>\n<meta property=\"og:site_name\" content=\"Els temporers\" \/>\n<meta property=\"article:published_time\" content=\"2019-06-12T14:05:21+00:00\" \/>\n<meta property=\"article:modified_time\" content=\"2019-06-12T14:06:10+00:00\" \/>\n<meta property=\"og:image\" content=\"https:\/\/www.elstemporers.com\/wp-content\/uploads\/via-verda.png\" \/>\n\t<meta property=\"og:image:width\" content=\"1178\" \/>\n\t<meta property=\"og:image:height\" content=\"764\" \/>\n\t<meta property=\"og:image:type\" content=\"image\/png\" \/>\n<meta name=\"author\" content=\"Els Temporers\" \/>\n<meta name=\"twitter:card\" content=\"summary_large_image\" \/>\n<meta name=\"twitter:label1\" content=\"Escrito por\" \/>\n\t<meta name=\"twitter:data1\" content=\"Els Temporers\" \/>\n\t<meta name=\"twitter:label2\" content=\"Tiempo de lectura\" \/>\n\t<meta name=\"twitter:data2\" content=\"6 minutos\" \/>\n<script type=\"application\/ld+json\" class=\"yoast-schema-graph\">{\"@context\":\"https:\/\/schema.org\",\"@graph\":[{\"@type\":\"WebPage\",\"@id\":\"https:\/\/www.elstemporers.com\/es\/excursion-via-verda-terra-alta-rural\/\",\"url\":\"https:\/\/www.elstemporers.com\/es\/excursion-via-verda-terra-alta-rural\/\",\"name\":\"Excursi\u00f3n por la Via Verda en la Terra Alta - Els temporers\",\"isPartOf\":{\"@id\":\"https:\/\/www.elstemporers.com\/es\/#website\"},\"datePublished\":\"2019-06-12T14:05:21+00:00\",\"dateModified\":\"2019-06-12T14:06:10+00:00\",\"author\":{\"@id\":\"https:\/\/www.elstemporers.com\/es\/#\/schema\/person\/0ef9d5ec0cf3ab8195d5846067963590\"},\"description\":\"Os viene de gusto hacer una excursi\u00f3n? Tanto si la quer\u00e9is hacer a pie, como en bici o a caballo, tenemos una buena propuesta para hacerlo, la V\u00eda Verde en la Terra Alta! \ufeff\",\"breadcrumb\":{\"@id\":\"https:\/\/www.elstemporers.com\/es\/excursion-via-verda-terra-alta-rural\/#breadcrumb\"},\"inLanguage\":\"es\",\"potentialAction\":[{\"@type\":\"ReadAction\",\"target\":[\"https:\/\/www.elstemporers.com\/es\/excursion-via-verda-terra-alta-rural\/\"]}]},{\"@type\":\"BreadcrumbList\",\"@id\":\"https:\/\/www.elstemporers.com\/es\/excursion-via-verda-terra-alta-rural\/#breadcrumb\",\"itemListElement\":[{\"@type\":\"ListItem\",\"position\":1,\"name\":\"Portada\",\"item\":\"https:\/\/www.elstemporers.com\/es\/\"},{\"@type\":\"ListItem\",\"position\":2,\"name\":\"Excursi\u00f3n por la Via Verda en la Terra Alta\"}]},{\"@type\":\"WebSite\",\"@id\":\"https:\/\/www.elstemporers.com\/es\/#website\",\"url\":\"https:\/\/www.elstemporers.com\/es\/\",\"name\":\"Els temporers\",\"description\":\"Apartaments Rurals Terra Alta Corbera d&#039;Ebre\",\"potentialAction\":[{\"@type\":\"SearchAction\",\"target\":{\"@type\":\"EntryPoint\",\"urlTemplate\":\"https:\/\/www.elstemporers.com\/es\/?s={search_term_string}\"},\"query-input\":\"required name=search_term_string\"}],\"inLanguage\":\"es\"},{\"@type\":\"Person\",\"@id\":\"https:\/\/www.elstemporers.com\/es\/#\/schema\/person\/0ef9d5ec0cf3ab8195d5846067963590\",\"name\":\"Els Temporers\",\"image\":{\"@type\":\"ImageObject\",\"inLanguage\":\"es\",\"@id\":\"https:\/\/www.elstemporers.com\/es\/#\/schema\/person\/image\/\",\"url\":\"https:\/\/secure.gravatar.com\/avatar\/2d616a861a65c6f6be87923d94825a1d?s=96&d=mm&r=g\",\"contentUrl\":\"https:\/\/secure.gravatar.com\/avatar\/2d616a861a65c6f6be87923d94825a1d?s=96&d=mm&r=g\",\"caption\":\"Els Temporers\"}}]}<\/script>\n<!-- \/ Yoast SEO plugin. -->","yoast_head_json":{"title":"Excursi\u00f3n por la Via Verda en la Terra Alta - Els temporers","description":"Os viene de gusto hacer una excursi\u00f3n? Tanto si la quer\u00e9is hacer a pie, como en bici o a caballo, tenemos una buena propuesta para hacerlo, la V\u00eda Verde en la Terra Alta! \ufeff","robots":{"index":"index","follow":"follow","max-snippet":"max-snippet:-1","max-image-preview":"max-image-preview:large","max-video-preview":"max-video-preview:-1"},"canonical":"https:\/\/www.elstemporers.com\/es\/excursion-via-verda-terra-alta-rural\/","og_locale":"es_ES","og_type":"article","og_title":"Excursi\u00f3n por la Via Verda en la Terra Alta - Els temporers","og_description":"Os viene de gusto hacer una excursi\u00f3n? Tanto si la quer\u00e9is hacer a pie, como en bici o a caballo, tenemos una buena propuesta para hacerlo, la V\u00eda Verde en la Terra Alta! \ufeff","og_url":"https:\/\/www.elstemporers.com\/es\/excursion-via-verda-terra-alta-rural\/","og_site_name":"Els temporers","article_published_time":"2019-06-12T14:05:21+00:00","article_modified_time":"2019-06-12T14:06:10+00:00","og_image":[{"width":1178,"height":764,"url":"https:\/\/www.elstemporers.com\/wp-content\/uploads\/via-verda.png","type":"image\/png"}],"author":"Els Temporers","twitter_card":"summary_large_image","twitter_misc":{"Escrito por":"Els Temporers","Tiempo de lectura":"6 minutos"},"schema":{"@context":"https:\/\/schema.org","@graph":[{"@type":"WebPage","@id":"https:\/\/www.elstemporers.com\/es\/excursion-via-verda-terra-alta-rural\/","url":"https:\/\/www.elstemporers.com\/es\/excursion-via-verda-terra-alta-rural\/","name":"Excursi\u00f3n por la Via Verda en la Terra Alta - Els temporers","isPartOf":{"@id":"https:\/\/www.elstemporers.com\/es\/#website"},"datePublished":"2019-06-12T14:05:21+00:00","dateModified":"2019-06-12T14:06:10+00:00","author":{"@id":"https:\/\/www.elstemporers.com\/es\/#\/schema\/person\/0ef9d5ec0cf3ab8195d5846067963590"},"description":"Os viene de gusto hacer una excursi\u00f3n? Tanto si la quer\u00e9is hacer a pie, como en bici o a caballo, tenemos una buena propuesta para hacerlo, la V\u00eda Verde en la Terra Alta! \ufeff","breadcrumb":{"@id":"https:\/\/www.elstemporers.com\/es\/excursion-via-verda-terra-alta-rural\/#breadcrumb"},"inLanguage":"es","potentialAction":[{"@type":"ReadAction","target":["https:\/\/www.elstemporers.com\/es\/excursion-via-verda-terra-alta-rural\/"]}]},{"@type":"BreadcrumbList","@id":"https:\/\/www.elstemporers.com\/es\/excursion-via-verda-terra-alta-rural\/#breadcrumb","itemListElement":[{"@type":"ListItem","position":1,"name":"Portada","item":"https:\/\/www.elstemporers.com\/es\/"},{"@type":"ListItem","position":2,"name":"Excursi\u00f3n por la Via Verda en la Terra Alta"}]},{"@type":"WebSite","@id":"https:\/\/www.elstemporers.com\/es\/#website","url":"https:\/\/www.elstemporers.com\/es\/","name":"Els temporers","description":"Apartaments Rurals Terra Alta Corbera d&#039;Ebre","potentialAction":[{"@type":"SearchAction","target":{"@type":"EntryPoint","urlTemplate":"https:\/\/www.elstemporers.com\/es\/?s={search_term_string}"},"query-input":"required name=search_term_string"}],"inLanguage":"es"},{"@type":"Person","@id":"https:\/\/www.elstemporers.com\/es\/#\/schema\/person\/0ef9d5ec0cf3ab8195d5846067963590","name":"Els Temporers","image":{"@type":"ImageObject","inLanguage":"es","@id":"https:\/\/www.elstemporers.com\/es\/#\/schema\/person\/image\/","url":"https:\/\/secure.gravatar.com\/avatar\/2d616a861a65c6f6be87923d94825a1d?s=96&d=mm&r=g","contentUrl":"https:\/\/secure.gravatar.com\/avatar\/2d616a861a65c6f6be87923d94825a1d?s=96&d=mm&r=g","caption":"Els Temporers"}}]}},"_links":{"self":[{"href":"https:\/\/www.elstemporers.com\/es\/wp-json\/wp\/v2\/posts\/2096"}],"collection":[{"href":"https:\/\/www.elstemporers.com\/es\/wp-json\/wp\/v2\/posts"}],"about":[{"href":"https:\/\/www.elstemporers.com\/es\/wp-json\/wp\/v2\/types\/post"}],"author":[{"embeddable":true,"href":"https:\/\/www.elstemporers.com\/es\/wp-json\/wp\/v2\/users\/2"}],"replies":[{"embeddable":true,"href":"https:\/\/www.elstemporers.com\/es\/wp-json\/wp\/v2\/comments?post=2096"}],"version-history":[{"count":2,"href":"https:\/\/www.elstemporers.com\/es\/wp-json\/wp\/v2\/posts\/2096\/revisions"}],"predecessor-version":[{"id":2098,"href":"https:\/\/www.elstemporers.com\/es\/wp-json\/wp\/v2\/posts\/2096\/revisions\/2098"}],"wp:featuredmedia":[{"embeddable":true,"href":"https:\/\/www.elstemporers.com\/es\/wp-json\/wp\/v2\/media\/2080"}],"wp:attachment":[{"href":"https:\/\/www.elstemporers.com\/es\/wp-json\/wp\/v2\/media?parent=2096"}],"wp:term":[{"taxonomy":"category","embeddable":true,"href":"https:\/\/www.elstemporers.com\/es\/wp-json\/wp\/v2\/categories?post=2096"},{"taxonomy":"post_tag","embeddable":true,"href":"https:\/\/www.elstemporers.com\/es\/wp-json\/wp\/v2\/tags?post=2096"}],"curies":[{"name":"wp","href":"https:\/\/api.w.org\/{rel}","templated":true}]}}