{"id":656,"date":"2017-06-08T23:07:47","date_gmt":"2017-06-08T23:07:47","guid":{"rendered":"http:\/\/www.elstemporers.com\/?p=656"},"modified":"2018-02-26T11:14:21","modified_gmt":"2018-02-26T11:14:21","slug":"agendaterraalta-cap-setmana-del-10-i-11-juny","status":"publish","type":"post","link":"https:\/\/www.elstemporers.com\/es\/agendaterraalta-cap-setmana-del-10-i-11-juny\/","title":{"rendered":"#AGENDATERRAALTA | Cap de setmana del 10 i 11 juny"},"content":{"rendered":"<p>Encara sense plans pel cap de setmana? A la <strong>Terra Alta<\/strong> us ho posem molt f\u00e0cil&#8230; aquest cap de setmana hi ha activitats per tots els gustos&#8230; us presentem <strong>l\u2019Agenda de la Terra Alta<\/strong>!!<\/p>\n<hr \/>\n<h3><strong>ACTIVITATS RELACIONADES AMB LA BATALLA DE L\u2019EBRE<\/strong><\/h3>\n<p><strong><u><img loading=\"lazy\" decoding=\"async\" class=\"wp-image-657 alignright\" src=\"http:\/\/www.elstemporers.com\/wp-content\/uploads\/BIENAL.png\" alt=\"\" width=\"300\" height=\"208\" srcset=\"https:\/\/www.elstemporers.com\/wp-content\/uploads\/BIENAL.png 622w, https:\/\/www.elstemporers.com\/wp-content\/uploads\/BIENAL-300x208.png 300w\" sizes=\"(max-width: 300px) 100vw, 300px\" \/>BIENNAL d\u2019ART a Corbera d\u2019Ebre <\/u><\/strong><\/p>\n<p>Ja des de fa unes setmanes i <strong>fins el 30 de juliol<\/strong>, a Corbera mateix, podeu visitar la V Biennal d\u2019Art a l\u2019Esgl\u00e9sia del Poble Vell de Corbera, i tamb\u00e9 a la Fundaci\u00f3 El Sol\u00e0 de La Fatarella.<\/p>\n<p>A trav\u00e9s d\u2019aquesta exposici\u00f3 podreu descobrir les obres de molts artistes, amb el fil argumental dels Drets Humans, aquest any centrat en els refugiats.<\/p>\n<p>M\u00e9s info:<br \/>\n<a href=\"http:\/\/www.poblevell.cat\">www.poblevell.cat<br \/>\n<\/a><a href=\"http:\/\/www.fundacioelsola.org\">www.fundacioelsola.org<\/a><\/p>\n<p>Horari visita: dimarts, dimecres, dijous i dissabte de 09.30 a 13.30<\/p>\n<p>Dimecres i divendres de 16.00h a 20.00h<\/p>\n<hr \/>\n<p><u><img loading=\"lazy\" decoding=\"async\" class=\"wp-image-661 alignright\" src=\"http:\/\/www.elstemporers.com\/wp-content\/uploads\/TRINTXERA_VINS.png\" alt=\"\" width=\"299\" height=\"190\" srcset=\"https:\/\/www.elstemporers.com\/wp-content\/uploads\/TRINTXERA_VINS.png 599w, https:\/\/www.elstemporers.com\/wp-content\/uploads\/TRINTXERA_VINS-300x190.png 300w\" sizes=\"(max-width: 299px) 100vw, 299px\" \/><\/u><strong><u>VINS A LES TRINXERES<\/u><\/strong><\/p>\n<p>Proposta de recorregut hist\u00f2ric i enoturisme amb Celler Frisach i l\u2019empresa de guiatges Terra Enll\u00e0<\/p>\n<p>Data: dissabte <strong>10 de juny<\/strong><\/p>\n<p>Hora: 11:00<\/p>\n<p>Preu adult: 15\u20ac<\/p>\n<p>12 a 18 anys: 8\u20ac<\/p>\n<p>Menors de 12 anys: gratu\u00eft<\/p>\n<p>Durada: 2h30m<\/p>\n<p>Dificultat: baixa<\/p>\n<p>Reserves: al tel\u00e8fon 636.67.99.69 o al web <a href=\"http:\/\/www.terraenlla.com\">www.terraenlla.com<\/a><\/p>\n<hr \/>\n<p><strong><u><img loading=\"lazy\" decoding=\"async\" class=\"wp-image-658 alignright\" src=\"http:\/\/www.elstemporers.com\/wp-content\/uploads\/CASC-ANTIC.png\" alt=\"\" width=\"301\" height=\"175\" srcset=\"https:\/\/www.elstemporers.com\/wp-content\/uploads\/CASC-ANTIC.png 768w, https:\/\/www.elstemporers.com\/wp-content\/uploads\/CASC-ANTIC-300x174.png 300w\" sizes=\"(max-width: 301px) 100vw, 301px\" \/>VISITA AL CASC ANTIC DE GANDESA<\/u><\/strong><\/p>\n<p>L\u2019Oficina de Turisme de Gandesa organitza una visita guiada al seu casc antic.<\/p>\n<p>Data: <strong>10 de juny<\/strong><\/p>\n<p>Informaci\u00f3 i reserves: Oficina de Turisme de Gandesa 977 42 09 10 o al mail <a href=\"mailto:turisme@gandesa.cat\">turisme@gandesa.cat<\/a><\/p>\n<hr \/>\n<p><strong><u>UN POBLE OCUPAT: LA FATARELLA<\/u><\/strong><strong><u><br \/>\n<img loading=\"lazy\" decoding=\"async\" class=\"wp-image-660 alignright\" src=\"http:\/\/www.elstemporers.com\/wp-content\/uploads\/POBLE-OCUPAT.png\" alt=\"\" width=\"201\" height=\"203\" srcset=\"https:\/\/www.elstemporers.com\/wp-content\/uploads\/POBLE-OCUPAT.png 393w, https:\/\/www.elstemporers.com\/wp-content\/uploads\/POBLE-OCUPAT-150x150.png 150w, https:\/\/www.elstemporers.com\/wp-content\/uploads\/POBLE-OCUPAT-297x300.png 297w\" sizes=\"(max-width: 201px) 100vw, 201px\" \/><\/u><\/strong><\/p>\n<p>El proper\u00a0<strong>11 de juny<\/strong> RODALIES va fins a\u00a0la Fatarella<strong>\u00a0<\/strong>amb la ruta\u00a0\u201cUn poble ocupat\u201d.<\/p>\n<p>El servei de guiatge dura tres hores (11h a 14h), amb sortida des del CI Internacionals a l&#8217;Ebre de La Fatarella, inclou la ruta pel nucli urb\u00e0, visita al centre d&#8217;interpretaci\u00f3 i tast de dol\u00e7os locals maridats amb el millor vi de licor de la DO Terra Alta 2016\u00a0<strong>Clot d&#8217;Enc\u00eds Ranci<\/strong>\u00a0gentilesa del celles Sant Josep de Vins.<\/p>\n<p>Preu: 6\u20ac (menors 12 anys gratu\u00efta)<\/p>\n<hr \/>\n<h3><strong>ACTIVITATS RELACIONADES AMB L\u2019ENOTURISME<\/strong><\/h3>\n<p><strong><u><img loading=\"lazy\" decoding=\"async\" class=\"wp-image-662 alignright\" src=\"http:\/\/www.elstemporers.com\/wp-content\/uploads\/WALK.png\" alt=\"\" width=\"266\" height=\"142\" srcset=\"https:\/\/www.elstemporers.com\/wp-content\/uploads\/WALK.png 569w, https:\/\/www.elstemporers.com\/wp-content\/uploads\/WALK-300x160.png 300w\" sizes=\"(max-width: 266px) 100vw, 266px\" \/>WALK&amp;WINE<\/u><\/strong><\/p>\n<p>El proper <strong>11 de juny<\/strong> s\u2019estrena el 1r Walk&amp;Wine. Excursi\u00f3 a la Serra de p\u00e0ndols, on descobrireu la Cota 666 i la XV Brigada Internacional.<\/p>\n<p>La jornada acabar\u00e0 amb un tast de 4 vins DO Terra Alta<\/p>\n<p>Hora: 11:00<\/p>\n<p>Lloc sortida: Pla\u00e7a Ajuntament de Gandesa<\/p>\n<p>Preu: consultar preus i reserves a 669 06 03 12 o a <a href=\"mailto:info@viorigen.com\">info@viorigen.com<\/a><\/p>\n<hr \/>\n<h3><strong>FIRES i TRADICIONS<\/strong><\/h3>\n<p><strong><u><img loading=\"lazy\" decoding=\"async\" class=\"wp-image-659 alignright\" src=\"http:\/\/www.elstemporers.com\/wp-content\/uploads\/PINELLART.png\" alt=\"\" width=\"298\" height=\"302\" srcset=\"https:\/\/www.elstemporers.com\/wp-content\/uploads\/PINELLART.png 689w, https:\/\/www.elstemporers.com\/wp-content\/uploads\/PINELLART-296x300.png 296w\" sizes=\"(max-width: 298px) 100vw, 298px\" \/>X FIRA D\u2019ARTESANIA PINELLART<\/u><\/strong><\/p>\n<p>El Pinell us aproxima durant tot el cap de setmana del <strong>10 i 11 de juny<\/strong> als mestres artesans de la cer\u00e0mica, la cosm\u00e8tica natural, el cany\u00eds, el bastoner, el vidre i molts m\u00e9s\u2026<\/p>\n<p>Al celebrar el 10\u00e8 aniversari aquest any hi trobareu representats tots els oficis que hi han passat durant aquestes anteriors edicions.<\/p>\n<p>Tamb\u00e9 hi trobareu activitats pels m\u00e9s petits, animacions de carrer, i fins i tot m\u00fasica, jazz, cercavila\u2026<\/p>\n<p>Lloc: davant la Catedral del Vi de Pinell de Brai<\/p>\n<p>Programaci\u00f3 de les Jornades: <a href=\"http:\/\/www.pinellart.cat\">www.pinellart.cat<\/a><\/p>\n<p>&nbsp;<\/p>\n","protected":false},"excerpt":{"rendered":"<p>Encara sense plans pel cap de setmana? A la Terra Alta us ho posem molt f\u00e0cil&#8230; aquest cap de setmana hi ha activitats per tots els gustos&#8230; us presentem l\u2019Agenda de la Terra Alta!! ACTIVITATS RELACIONADES AMB LA BATALLA DE L\u2019EBRE BIENNAL d\u2019ART a Corbera d\u2019Ebre Ja des de fa unes setmanes i fins el [&#8230;]\n","protected":false},"author":1,"featured_media":670,"comment_status":"closed","ping_status":"closed","sticky":false,"template":"","format":"standard","meta":{"footnotes":""},"categories":[1],"tags":[111,310,312,126,315,149],"yoast_head":"<!-- This site is optimized with the Yoast SEO plugin v21.7 - https:\/\/yoast.com\/wordpress\/plugins\/seo\/ -->\n<title>#AGENDATERRAALTA | Cap de setmana del 10 i 11 juny - Els temporers<\/title>\n<meta name=\"robots\" content=\"index, follow, max-snippet:-1, max-image-preview:large, max-video-preview:-1\" \/>\n<link rel=\"canonical\" href=\"https:\/\/www.elstemporers.com\/es\/agendaterraalta-cap-setmana-del-10-i-11-juny\/\" \/>\n<meta property=\"og:locale\" content=\"es_ES\" \/>\n<meta property=\"og:type\" content=\"article\" \/>\n<meta property=\"og:title\" content=\"#AGENDATERRAALTA | Cap de setmana del 10 i 11 juny - Els temporers\" \/>\n<meta property=\"og:description\" content=\"Encara sense plans pel cap de setmana? A la Terra Alta us ho posem molt f\u00e0cil&#8230; aquest cap de setmana hi ha activitats per tots els gustos&#8230; us presentem l\u2019Agenda de la Terra Alta!! ACTIVITATS RELACIONADES AMB LA BATALLA DE L\u2019EBRE BIENNAL d\u2019ART a Corbera d\u2019Ebre Ja des de fa unes setmanes i fins el [...]\" \/>\n<meta property=\"og:url\" content=\"https:\/\/www.elstemporers.com\/es\/agendaterraalta-cap-setmana-del-10-i-11-juny\/\" \/>\n<meta property=\"og:site_name\" content=\"Els temporers\" \/>\n<meta property=\"article:published_time\" content=\"2017-06-08T23:07:47+00:00\" \/>\n<meta property=\"article:modified_time\" content=\"2018-02-26T11:14:21+00:00\" \/>\n<meta property=\"og:image\" content=\"https:\/\/www.elstemporers.com\/wp-content\/uploads\/Agenda-e1497365301692.jpg\" \/>\n\t<meta property=\"og:image:width\" content=\"500\" \/>\n\t<meta property=\"og:image:height\" content=\"482\" \/>\n\t<meta property=\"og:image:type\" content=\"image\/jpeg\" \/>\n<meta name=\"author\" content=\"Quim\" \/>\n<meta name=\"twitter:card\" content=\"summary_large_image\" \/>\n<meta name=\"twitter:label1\" content=\"Escrito por\" \/>\n\t<meta name=\"twitter:data1\" content=\"Quim\" \/>\n\t<meta name=\"twitter:label2\" content=\"Tiempo de lectura\" \/>\n\t<meta name=\"twitter:data2\" content=\"2 minutos\" \/>\n<script type=\"application\/ld+json\" class=\"yoast-schema-graph\">{\"@context\":\"https:\/\/schema.org\",\"@graph\":[{\"@type\":\"WebPage\",\"@id\":\"https:\/\/www.elstemporers.com\/es\/agendaterraalta-cap-setmana-del-10-i-11-juny\/\",\"url\":\"https:\/\/www.elstemporers.com\/es\/agendaterraalta-cap-setmana-del-10-i-11-juny\/\",\"name\":\"#AGENDATERRAALTA | Cap de setmana del 10 i 11 juny - Els temporers\",\"isPartOf\":{\"@id\":\"https:\/\/www.elstemporers.com\/es\/#website\"},\"datePublished\":\"2017-06-08T23:07:47+00:00\",\"dateModified\":\"2018-02-26T11:14:21+00:00\",\"author\":{\"@id\":\"https:\/\/www.elstemporers.com\/es\/#\/schema\/person\/13dd33ca48b0f3981bdd74dd679b2319\"},\"breadcrumb\":{\"@id\":\"https:\/\/www.elstemporers.com\/es\/agendaterraalta-cap-setmana-del-10-i-11-juny\/#breadcrumb\"},\"inLanguage\":\"es\",\"potentialAction\":[{\"@type\":\"ReadAction\",\"target\":[\"https:\/\/www.elstemporers.com\/es\/agendaterraalta-cap-setmana-del-10-i-11-juny\/\"]}]},{\"@type\":\"BreadcrumbList\",\"@id\":\"https:\/\/www.elstemporers.com\/es\/agendaterraalta-cap-setmana-del-10-i-11-juny\/#breadcrumb\",\"itemListElement\":[{\"@type\":\"ListItem\",\"position\":1,\"name\":\"Portada\",\"item\":\"https:\/\/www.elstemporers.com\/es\/\"},{\"@type\":\"ListItem\",\"position\":2,\"name\":\"#AGENDATERRAALTA | Cap de setmana del 10 i 11 juny\"}]},{\"@type\":\"WebSite\",\"@id\":\"https:\/\/www.elstemporers.com\/es\/#website\",\"url\":\"https:\/\/www.elstemporers.com\/es\/\",\"name\":\"Els temporers\",\"description\":\"Apartaments Rurals Terra Alta Corbera d&#039;Ebre\",\"potentialAction\":[{\"@type\":\"SearchAction\",\"target\":{\"@type\":\"EntryPoint\",\"urlTemplate\":\"https:\/\/www.elstemporers.com\/es\/?s={search_term_string}\"},\"query-input\":\"required name=search_term_string\"}],\"inLanguage\":\"es\"},{\"@type\":\"Person\",\"@id\":\"https:\/\/www.elstemporers.com\/es\/#\/schema\/person\/13dd33ca48b0f3981bdd74dd679b2319\",\"name\":\"Quim\",\"image\":{\"@type\":\"ImageObject\",\"inLanguage\":\"es\",\"@id\":\"https:\/\/www.elstemporers.com\/es\/#\/schema\/person\/image\/\",\"url\":\"https:\/\/secure.gravatar.com\/avatar\/a8f9aa0a5d35bb525d809ed3f503de0d?s=96&d=mm&r=g\",\"contentUrl\":\"https:\/\/secure.gravatar.com\/avatar\/a8f9aa0a5d35bb525d809ed3f503de0d?s=96&d=mm&r=g\",\"caption\":\"Quim\"}}]}<\/script>\n<!-- \/ Yoast SEO plugin. -->","yoast_head_json":{"title":"#AGENDATERRAALTA | Cap de setmana del 10 i 11 juny - Els temporers","robots":{"index":"index","follow":"follow","max-snippet":"max-snippet:-1","max-image-preview":"max-image-preview:large","max-video-preview":"max-video-preview:-1"},"canonical":"https:\/\/www.elstemporers.com\/es\/agendaterraalta-cap-setmana-del-10-i-11-juny\/","og_locale":"es_ES","og_type":"article","og_title":"#AGENDATERRAALTA | Cap de setmana del 10 i 11 juny - Els temporers","og_description":"Encara sense plans pel cap de setmana? A la Terra Alta us ho posem molt f\u00e0cil&#8230; aquest cap de setmana hi ha activitats per tots els gustos&#8230; us presentem l\u2019Agenda de la Terra Alta!! ACTIVITATS RELACIONADES AMB LA BATALLA DE L\u2019EBRE BIENNAL d\u2019ART a Corbera d\u2019Ebre Ja des de fa unes setmanes i fins el [...]","og_url":"https:\/\/www.elstemporers.com\/es\/agendaterraalta-cap-setmana-del-10-i-11-juny\/","og_site_name":"Els temporers","article_published_time":"2017-06-08T23:07:47+00:00","article_modified_time":"2018-02-26T11:14:21+00:00","og_image":[{"width":500,"height":482,"url":"https:\/\/www.elstemporers.com\/wp-content\/uploads\/Agenda-e1497365301692.jpg","type":"image\/jpeg"}],"author":"Quim","twitter_card":"summary_large_image","twitter_misc":{"Escrito por":"Quim","Tiempo de lectura":"2 minutos"},"schema":{"@context":"https:\/\/schema.org","@graph":[{"@type":"WebPage","@id":"https:\/\/www.elstemporers.com\/es\/agendaterraalta-cap-setmana-del-10-i-11-juny\/","url":"https:\/\/www.elstemporers.com\/es\/agendaterraalta-cap-setmana-del-10-i-11-juny\/","name":"#AGENDATERRAALTA | Cap de setmana del 10 i 11 juny - Els temporers","isPartOf":{"@id":"https:\/\/www.elstemporers.com\/es\/#website"},"datePublished":"2017-06-08T23:07:47+00:00","dateModified":"2018-02-26T11:14:21+00:00","author":{"@id":"https:\/\/www.elstemporers.com\/es\/#\/schema\/person\/13dd33ca48b0f3981bdd74dd679b2319"},"breadcrumb":{"@id":"https:\/\/www.elstemporers.com\/es\/agendaterraalta-cap-setmana-del-10-i-11-juny\/#breadcrumb"},"inLanguage":"es","potentialAction":[{"@type":"ReadAction","target":["https:\/\/www.elstemporers.com\/es\/agendaterraalta-cap-setmana-del-10-i-11-juny\/"]}]},{"@type":"BreadcrumbList","@id":"https:\/\/www.elstemporers.com\/es\/agendaterraalta-cap-setmana-del-10-i-11-juny\/#breadcrumb","itemListElement":[{"@type":"ListItem","position":1,"name":"Portada","item":"https:\/\/www.elstemporers.com\/es\/"},{"@type":"ListItem","position":2,"name":"#AGENDATERRAALTA | Cap de setmana del 10 i 11 juny"}]},{"@type":"WebSite","@id":"https:\/\/www.elstemporers.com\/es\/#website","url":"https:\/\/www.elstemporers.com\/es\/","name":"Els temporers","description":"Apartaments Rurals Terra Alta Corbera d&#039;Ebre","potentialAction":[{"@type":"SearchAction","target":{"@type":"EntryPoint","urlTemplate":"https:\/\/www.elstemporers.com\/es\/?s={search_term_string}"},"query-input":"required name=search_term_string"}],"inLanguage":"es"},{"@type":"Person","@id":"https:\/\/www.elstemporers.com\/es\/#\/schema\/person\/13dd33ca48b0f3981bdd74dd679b2319","name":"Quim","image":{"@type":"ImageObject","inLanguage":"es","@id":"https:\/\/www.elstemporers.com\/es\/#\/schema\/person\/image\/","url":"https:\/\/secure.gravatar.com\/avatar\/a8f9aa0a5d35bb525d809ed3f503de0d?s=96&d=mm&r=g","contentUrl":"https:\/\/secure.gravatar.com\/avatar\/a8f9aa0a5d35bb525d809ed3f503de0d?s=96&d=mm&r=g","caption":"Quim"}}]}},"_links":{"self":[{"href":"https:\/\/www.elstemporers.com\/es\/wp-json\/wp\/v2\/posts\/656"}],"collection":[{"href":"https:\/\/www.elstemporers.com\/es\/wp-json\/wp\/v2\/posts"}],"about":[{"href":"https:\/\/www.elstemporers.com\/es\/wp-json\/wp\/v2\/types\/post"}],"author":[{"embeddable":true,"href":"https:\/\/www.elstemporers.com\/es\/wp-json\/wp\/v2\/users\/1"}],"replies":[{"embeddable":true,"href":"https:\/\/www.elstemporers.com\/es\/wp-json\/wp\/v2\/comments?post=656"}],"version-history":[{"count":7,"href":"https:\/\/www.elstemporers.com\/es\/wp-json\/wp\/v2\/posts\/656\/revisions"}],"predecessor-version":[{"id":674,"href":"https:\/\/www.elstemporers.com\/es\/wp-json\/wp\/v2\/posts\/656\/revisions\/674"}],"wp:featuredmedia":[{"embeddable":true,"href":"https:\/\/www.elstemporers.com\/es\/wp-json\/wp\/v2\/media\/670"}],"wp:attachment":[{"href":"https:\/\/www.elstemporers.com\/es\/wp-json\/wp\/v2\/media?parent=656"}],"wp:term":[{"taxonomy":"category","embeddable":true,"href":"https:\/\/www.elstemporers.com\/es\/wp-json\/wp\/v2\/categories?post=656"},{"taxonomy":"post_tag","embeddable":true,"href":"https:\/\/www.elstemporers.com\/es\/wp-json\/wp\/v2\/tags?post=656"}],"curies":[{"name":"wp","href":"https:\/\/api.w.org\/{rel}","templated":true}]}}